{"id":10210,"date":"2022-12-14T07:20:40","date_gmt":"2022-12-14T07:20:40","guid":{"rendered":"https:\/\/dev.abetlaminati.com\/il-2022-di-abet-laminati\/"},"modified":"2023-02-18T09:18:32","modified_gmt":"2023-02-18T09:18:32","slug":"the-year-2022-for-abet-laminati","status":"publish","type":"post","link":"https:\/\/abetlaminati.com\/en\/the-year-2022-for-abet-laminati\/","title":{"rendered":"The year 2022 for Abet Laminati"},"content":{"rendered":"\t\t<div data-elementor-type=\"wp-post\" data-elementor-id=\"10210\" class=\"elementor elementor-10210 elementor-10019\" data-elementor-post-type=\"post\">\n\t\t\t\t\t\t<section class=\"elementor-section elementor-top-section elementor-element elementor-element-19a669cd elementor-section-boxed elementor-section-height-default elementor-section-height-default\" data-id=\"19a669cd\" data-element_type=\"section\">\n\t\t\t\t\t\t<div class=\"elementor-container elementor-column-gap-default\">\n\t\t\t\t\t<div class=\"elementor-column elementor-col-100 elementor-top-column elementor-element elementor-element-4afbbfeb\" data-id=\"4afbbfeb\" data-element_type=\"column\">\n\t\t\t<div class=\"elementor-widget-wrap elementor-element-populated\">\n\t\t\t\t\t\t<div class=\"elementor-element elementor-element-274761b9 elementor-widget elementor-widget-theme-post-featured-image elementor-widget-image\" data-id=\"274761b9\" data-element_type=\"widget\" data-widget_type=\"theme-post-featured-image.default\">\n\t\t\t\t<div class=\"elementor-widget-container\">\n\t\t\t\t\t\t\t\t\t\t\t\t\t\t\t<img fetchpriority=\"high\" decoding=\"async\" width=\"800\" height=\"1041\" src=\"https:\/\/abetlaminati.com\/wp-content\/uploads\/2022\/12\/abet_2022_01-922x1200.jpg\" class=\"attachment-large size-large wp-image-10888\" alt=\"\" srcset=\"https:\/\/abetlaminati.com\/wp-content\/uploads\/2022\/12\/abet_2022_01-922x1200.jpg 922w, https:\/\/abetlaminati.com\/wp-content\/uploads\/2022\/12\/abet_2022_01-461x600.jpg 461w, https:\/\/abetlaminati.com\/wp-content\/uploads\/2022\/12\/abet_2022_01-768x1000.jpg 768w, https:\/\/abetlaminati.com\/wp-content\/uploads\/2022\/12\/abet_2022_01-1180x1536.jpg 1180w, https:\/\/abetlaminati.com\/wp-content\/uploads\/2022\/12\/abet_2022_01.jpg 1536w\" sizes=\"(max-width: 800px) 100vw, 800px\" \/>\t\t\t\t\t\t\t\t\t\t\t\t\t\t\t<\/div>\n\t\t\t\t<\/div>\n\t\t\t\t\t<\/div>\n\t\t<\/div>\n\t\t\t\t\t<\/div>\n\t\t<\/section>\n\t\t\t\t<section class=\"elementor-section elementor-top-section elementor-element elementor-element-65146ad4 elementor-section-boxed elementor-section-height-default elementor-section-height-default\" data-id=\"65146ad4\" data-element_type=\"section\">\n\t\t\t\t\t\t<div class=\"elementor-container elementor-column-gap-default\">\n\t\t\t\t\t<div class=\"elementor-column elementor-col-100 elementor-top-column elementor-element elementor-element-3886772c\" data-id=\"3886772c\" data-element_type=\"column\">\n\t\t\t<div class=\"elementor-widget-wrap elementor-element-populated\">\n\t\t\t\t\t\t<div class=\"elementor-element elementor-element-26f99caa elementor-widget elementor-widget-theme-post-title elementor-page-title elementor-widget-heading\" data-id=\"26f99caa\" data-element_type=\"widget\" data-widget_type=\"theme-post-title.default\">\n\t\t\t\t<div class=\"elementor-widget-container\">\n\t\t\t\t\t<h1 class=\"elementor-heading-title elementor-size-default\">The year 2022 for Abet Laminati<\/h1>\t\t\t\t<\/div>\n\t\t\t\t<\/div>\n\t\t\t\t<div class=\"elementor-element elementor-element-44d24ea8 elementor-align-center elementor-widget elementor-widget-post-info\" data-id=\"44d24ea8\" data-element_type=\"widget\" data-widget_type=\"post-info.default\">\n\t\t\t\t<div class=\"elementor-widget-container\">\n\t\t\t\t\t\t\t<ul class=\"elementor-inline-items elementor-icon-list-items elementor-post-info\">\n\t\t\t\t\t\t\t\t<li class=\"elementor-icon-list-item elementor-repeater-item-72e5c62 elementor-inline-item\" itemprop=\"datePublished\">\n\t\t\t\t\t\t<a href=\"https:\/\/abetlaminati.com\/en\/2022\/12\/14\/\">\n\t\t\t\t\t\t\t\t\t\t\t<span class=\"elementor-icon-list-icon\">\n\t\t\t\t\t\t\t\t<i aria-hidden=\"true\" class=\"fas fa-calendar\"><\/i>\t\t\t\t\t\t\t<\/span>\n\t\t\t\t\t\t\t\t\t<span class=\"elementor-icon-list-text elementor-post-info__item elementor-post-info__item--type-date\">\n\t\t\t\t\t\t\t\t\t\t<time>December 14, 2022<\/time>\t\t\t\t\t<\/span>\n\t\t\t\t\t\t\t\t\t<\/a>\n\t\t\t\t<\/li>\n\t\t\t\t<li class=\"elementor-icon-list-item elementor-repeater-item-4cb745f elementor-inline-item\" itemprop=\"about\">\n\t\t\t\t\t\t\t\t\t\t<span class=\"elementor-icon-list-icon\">\n\t\t\t\t\t\t\t\t<i aria-hidden=\"true\" class=\"fas fa-tags\"><\/i>\t\t\t\t\t\t\t<\/span>\n\t\t\t\t\t\t\t\t\t<span class=\"elementor-icon-list-text elementor-post-info__item elementor-post-info__item--type-terms\">\n\t\t\t\t\t\t\t\t\t\t<span class=\"elementor-post-info__terms-list\">\n\t\t\t\t<a href=\"https:\/\/abetlaminati.com\/en\/news\/\" class=\"elementor-post-info__terms-list-item\">News<\/a>\t\t\t\t<\/span>\n\t\t\t\t\t<\/span>\n\t\t\t\t\t\t\t\t<\/li>\n\t\t\t\t<\/ul>\n\t\t\t\t\t\t<\/div>\n\t\t\t\t<\/div>\n\t\t\t\t<div class=\"elementor-element elementor-element-33948489 elementor-widget elementor-widget-text-editor\" data-id=\"33948489\" data-element_type=\"widget\" data-widget_type=\"text-editor.default\">\n\t\t\t\t<div class=\"elementor-widget-container\">\n\t\t\t\t\t\t\t\t\t<p>Il 2022 \u00e8 stato un anno intenso, fatto di eventi, progetti, fiere.<\/p>\n<p>\u00c8 iniziato con la partecipazione alla mostra dedicata a <strong>Marco Zanuso e Alessandro Mendini<\/strong>, due grandi protagonisti del design e dell\u2019architettura, all\u2019ADI Design Museum.<\/p>\n<p>Abet poi \u00e8 volata a New York per la nuova oasi di benessere di <strong>QC Terme<\/strong>. Un progetto in cui spicca il laminato Abet (utilizzato per il rivestimento di tutti gli armadietti degli spogliatoi) e altri rappresentanti dell\u2019eccellenza del Made Italy.<\/p>\n<p>Il 2022 \u00e8 stato anche l\u2019anno di un grande ritorno, del <strong>Salone Internazionale del Mobile<\/strong> <strong>di Milano<\/strong> e del <strong>Fuorisalone<\/strong>. Per l\u2019occasione Abet Laminati ha presentato la <strong>Whimsy Collection<\/strong>, una collezione di decorativi progettata dal talento creativo <strong>Arthur Arbesser<\/strong> ed \u00e8 stata protagonista, affiancando con i propri materiali i marchi pi\u00f9 prestigiosi del design, in numerose presentazioni in citt\u00e0.<br \/>Nella settimana dedicata al design, altri due grandi avvenimenti hanno coinvolto l\u2019azienda.<br \/>Nella sede di Bra, si \u00e8 svolto l\u2019<strong>International Sales meeting<\/strong> che ha riunito i collaboratori Abet e i partner, dopo due anni di stop dovuti alla pandemia.<br \/>Con l\u2019occasione, l\u2019Amministratore Delegato Ettore Bandieri ha comunicato un\u2019importante operazione aziendale: l\u2019acquisizione della societ\u00e0<strong> Fiberesin Inc<\/strong>, leader americano nella progettazione, produzione e vendita di facciate ventilate in HPL.<\/p>\n<p>Sempre quest\u2019anno, Abet Laminati ha sposato due importanti iniziative in ambito scolastico: \u00e8 sponsor dalla prima edizione del <strong>master del POLI.design \u201cSensorial Surface Design\u201d<\/strong>, iniziato ad ottobre, ed \u00e8 stata anche partner dell\u2019iniziativa \u201c<strong>Igiene Insieme<\/strong>\u201d, la collaborazione tra Napisan e Stefano Boeri Interiors che ha promosso lo sviluppo del progetto \u201cAula del futuro\u201d, che aveva l\u2019obiettivo d\u2019individuare un nuovo modello di ambiente scolastico.<\/p>\n<p>Mentre in ambito ambientale, Abet nel 2022 ha redatto il documento dal nome \u201c<strong>Abet GoGreen<\/strong>\u201d, che illustra la visione, i risultati e i prossimi obiettivi dell\u2019azienda. Abet GoGreen racconta la scelta delle materie prime, ma soprattutto l\u2019impegno e l\u2019uso responsabile delle risorse da parte dell\u2019azienda.<\/p>\n<p>Non dimentichiamo poi le numerose fiere nazionali e internazionali a cui Abet ha partecipato: <strong>InnoTrans<\/strong>, il Salone leader internazionale per le tecnologie dei trasporti; il <strong>London Design Festival<\/strong>, il pi\u00f9 importante appuntamento britannico dedicato al mondo del progetto; il <strong>Cruise Ship Interiors Expo 2022<\/strong>, la fiera londinese che si rivolge esclusivamente al mercato crocieristico europeo e per finire, il <strong>Sicam<\/strong>, il Salone Internazionale dei Componenti, Accessori e Semilavorati per l\u2019Industria del Mobile.<br \/>Per quest\u2019ultimo appuntamento, Abet ha presentato nuove proposte e anteprime di prodotto, tra cui il <strong>MEG-H<\/strong> \u2013 soluzione ideale per le applicazioni orizzontali outdoor \u2013 la finitura <strong>BARK<\/strong> dal carattere deciso e i nuovi decorativi della collezione ROCKS.<\/p>\n<p>L\u2019ultimo traguardo del 2022, non per importanza, \u00e8 la selezione di Abet all\u2019<strong>ADI Design Index<\/strong>, nella sezione \u201ccorporate research\u201d con \u201cSuperSuperfici! \u2013 the spirit of Memphis reloaded\u201d, il progetto 2021 di Giulio Iacchetti e Matteo Ragni nato per celebrare i quarant\u2019anni di Memphis.<\/p>\n<p>Un anno ricco di impegni che si spera possa portare ad un nuovo capitolo: per un 2023 migliore e pieno di soddisfazioni, di nuovi traguardi e grandi progetti!<\/p>\n\t\t\t\t\t\t\t\t<\/div>\n\t\t\t\t<\/div>\n\t\t\t\t<div class=\"elementor-element elementor-element-bfbc886 elementor-widget elementor-widget-gallery\" data-id=\"bfbc886\" data-element_type=\"widget\" data-settings=\"{&quot;gallery_layout&quot;:&quot;masonry&quot;,&quot;columns&quot;:2,&quot;gap&quot;:{&quot;unit&quot;:&quot;px&quot;,&quot;size&quot;:20,&quot;sizes&quot;:[]},&quot;lazyload&quot;:&quot;yes&quot;,&quot;columns_tablet&quot;:2,&quot;columns_mobile&quot;:1,&quot;gap_tablet&quot;:{&quot;unit&quot;:&quot;px&quot;,&quot;size&quot;:10,&quot;sizes&quot;:[]},&quot;gap_mobile&quot;:{&quot;unit&quot;:&quot;px&quot;,&quot;size&quot;:10,&quot;sizes&quot;:[]},&quot;link_to&quot;:&quot;file&quot;,&quot;content_hover_animation&quot;:&quot;fade-in&quot;}\" data-widget_type=\"gallery.default\">\n\t\t\t\t<div class=\"elementor-widget-container\">\n\t\t\t\t\t\t\t<div class=\"elementor-gallery__container\">\n\t\t\t\t\t\t\t<a class=\"e-gallery-item elementor-gallery-item elementor-animated-content\" href=\"https:\/\/abetlaminati.com\/wp-content\/uploads\/2023\/01\/img-sito_ispirazioni_lanzarote-1.jpg\" data-elementor-open-lightbox=\"yes\" data-elementor-lightbox-slideshow=\"bfbc886\" data-e-action-hash=\"#elementor-action%3Aaction%3Dlightbox%26settings%3DeyJpZCI6NTg0MywidXJsIjoiaHR0cHM6XC9cL2FiZXRsYW1pbmF0aS5jb21cL3dwLWNvbnRlbnRcL3VwbG9hZHNcLzIwMjNcLzAxXC9pbWctc2l0b19pc3BpcmF6aW9uaV9sYW56YXJvdGUtMS5qcGciLCJzbGlkZXNob3ciOiJiZmJjODg2In0%3D\">\n\t\t\t\t\t<div class=\"e-gallery-image elementor-gallery-item__image\" data-thumbnail=\"https:\/\/abetlaminati.com\/wp-content\/uploads\/2023\/01\/img-sito_ispirazioni_lanzarote-1-819x1024.jpg\" data-width=\"800\" data-height=\"1000\" aria-label=\"\" role=\"img\" ><\/div>\n\t\t\t\t\t\t\t\t\t\t\t\t\t\t<\/a>\n\t\t\t\t\t\t\t<a class=\"e-gallery-item elementor-gallery-item elementor-animated-content\" href=\"https:\/\/abetlaminati.com\/wp-content\/uploads\/2022\/12\/img-sito_CB_camparisoda_cover.jpg\" data-elementor-open-lightbox=\"yes\" data-elementor-lightbox-slideshow=\"bfbc886\" data-e-action-hash=\"#elementor-action%3Aaction%3Dlightbox%26settings%3DeyJpZCI6MzUxOSwidXJsIjoiaHR0cHM6XC9cL2FiZXRsYW1pbmF0aS5jb21cL3dwLWNvbnRlbnRcL3VwbG9hZHNcLzIwMjJcLzEyXC9pbWctc2l0b19DQl9jYW1wYXJpc29kYV9jb3Zlci5qcGciLCJzbGlkZXNob3ciOiJiZmJjODg2In0%3D\">\n\t\t\t\t\t<div class=\"e-gallery-image elementor-gallery-item__image\" data-thumbnail=\"https:\/\/abetlaminati.com\/wp-content\/uploads\/2022\/12\/img-sito_CB_camparisoda_cover-786x1024.jpg\" data-width=\"786\" data-height=\"1024\" aria-label=\"\" role=\"img\" ><\/div>\n\t\t\t\t\t\t\t\t\t\t\t\t\t\t<\/a>\n\t\t\t\t\t\t\t<a class=\"e-gallery-item elementor-gallery-item elementor-animated-content\" href=\"https:\/\/abetlaminati.com\/wp-content\/uploads\/2022\/12\/img-sito_interni_CH_2.jpg\" data-elementor-open-lightbox=\"yes\" data-elementor-lightbox-slideshow=\"bfbc886\" data-e-action-hash=\"#elementor-action%3Aaction%3Dlightbox%26settings%3DeyJpZCI6MzM1NywidXJsIjoiaHR0cHM6XC9cL2FiZXRsYW1pbmF0aS5jb21cL3dwLWNvbnRlbnRcL3VwbG9hZHNcLzIwMjJcLzEyXC9pbWctc2l0b19pbnRlcm5pX0NIXzIuanBnIiwic2xpZGVzaG93IjoiYmZiYzg4NiJ9\">\n\t\t\t\t\t<div class=\"e-gallery-image elementor-gallery-item__image\" data-thumbnail=\"https:\/\/abetlaminati.com\/wp-content\/uploads\/2022\/12\/img-sito_interni_CH_2-786x1024.jpg\" data-width=\"786\" data-height=\"1024\" aria-label=\"\" role=\"img\" ><\/div>\n\t\t\t\t\t\t\t\t\t\t\t\t\t\t<\/a>\n\t\t\t\t\t\t\t<a class=\"e-gallery-item elementor-gallery-item elementor-animated-content\" href=\"https:\/\/abetlaminati.com\/wp-content\/uploads\/2022\/11\/icona-pagina_campionario.jpg\" data-elementor-open-lightbox=\"yes\" data-elementor-lightbox-slideshow=\"bfbc886\" data-e-action-hash=\"#elementor-action%3Aaction%3Dlightbox%26settings%3DeyJpZCI6MjIwMywidXJsIjoiaHR0cHM6XC9cL2FiZXRsYW1pbmF0aS5jb21cL3dwLWNvbnRlbnRcL3VwbG9hZHNcLzIwMjJcLzExXC9pY29uYS1wYWdpbmFfY2FtcGlvbmFyaW8uanBnIiwic2xpZGVzaG93IjoiYmZiYzg4NiJ9\">\n\t\t\t\t\t<div class=\"e-gallery-image elementor-gallery-item__image\" data-thumbnail=\"https:\/\/abetlaminati.com\/wp-content\/uploads\/2022\/11\/icona-pagina_campionario-1024x1024.jpg\" data-width=\"800\" data-height=\"800\" aria-label=\"\" role=\"img\" ><\/div>\n\t\t\t\t\t\t\t\t\t\t\t\t\t\t<\/a>\n\t\t\t\t\t\t\t<a class=\"e-gallery-item elementor-gallery-item elementor-animated-content\" href=\"https:\/\/abetlaminati.com\/wp-content\/uploads\/2022\/10\/icona-brochure_go-green.jpg\" data-elementor-open-lightbox=\"yes\" data-elementor-lightbox-slideshow=\"bfbc886\" data-e-action-hash=\"#elementor-action%3Aaction%3Dlightbox%26settings%3DeyJpZCI6OTQ2LCJ1cmwiOiJodHRwczpcL1wvYWJldGxhbWluYXRpLmNvbVwvd3AtY29udGVudFwvdXBsb2Fkc1wvMjAyMlwvMTBcL2ljb25hLWJyb2NodXJlX2dvLWdyZWVuLmpwZyIsInNsaWRlc2hvdyI6ImJmYmM4ODYifQ%3D%3D\">\n\t\t\t\t\t<div class=\"e-gallery-image elementor-gallery-item__image\" data-thumbnail=\"https:\/\/abetlaminati.com\/wp-content\/uploads\/2022\/10\/icona-brochure_go-green-1024x1024.jpg\" data-width=\"800\" data-height=\"800\" aria-label=\"\" role=\"img\" ><\/div>\n\t\t\t\t\t\t\t\t\t\t\t\t\t\t<\/a>\n\t\t\t\t\t\t\t<a class=\"e-gallery-item elementor-gallery-item elementor-animated-content\" href=\"https:\/\/abetlaminati.com\/wp-content\/uploads\/2023\/02\/ABET_Martina_Bonetti_ZANUSO_MENDINI_12-scaled-1.jpg\" data-elementor-open-lightbox=\"yes\" data-elementor-lightbox-slideshow=\"bfbc886\" data-e-action-hash=\"#elementor-action%3Aaction%3Dlightbox%26settings%3DeyJpZCI6OTIwMSwidXJsIjoiaHR0cHM6XC9cL2FiZXRsYW1pbmF0aS5jb21cL3dwLWNvbnRlbnRcL3VwbG9hZHNcLzIwMjNcLzAyXC9BQkVUX01hcnRpbmFfQm9uZXR0aV9aQU5VU09fTUVORElOSV8xMi1zY2FsZWQtMS5qcGciLCJzbGlkZXNob3ciOiJiZmJjODg2In0%3D\">\n\t\t\t\t\t<div class=\"e-gallery-image elementor-gallery-item__image\" data-thumbnail=\"https:\/\/abetlaminati.com\/wp-content\/uploads\/2023\/02\/ABET_Martina_Bonetti_ZANUSO_MENDINI_12-scaled-1-683x1024.jpg\" data-width=\"683\" data-height=\"1024\" aria-label=\"\" role=\"img\" ><\/div>\n\t\t\t\t\t\t\t\t\t\t\t\t\t\t<\/a>\n\t\t\t\t\t\t\t<a class=\"e-gallery-item elementor-gallery-item elementor-animated-content\" href=\"https:\/\/abetlaminati.com\/wp-content\/uploads\/2022\/12\/img-sito_CB_supersuperfici_1a.jpg\" data-elementor-open-lightbox=\"yes\" data-elementor-lightbox-slideshow=\"bfbc886\" data-e-action-hash=\"#elementor-action%3Aaction%3Dlightbox%26settings%3DeyJpZCI6NTA3MiwidXJsIjoiaHR0cHM6XC9cL2FiZXRsYW1pbmF0aS5jb21cL3dwLWNvbnRlbnRcL3VwbG9hZHNcLzIwMjJcLzEyXC9pbWctc2l0b19DQl9zdXBlcnN1cGVyZmljaV8xYS5qcGciLCJzbGlkZXNob3ciOiJiZmJjODg2In0%3D\">\n\t\t\t\t\t<div class=\"e-gallery-image elementor-gallery-item__image\" data-thumbnail=\"https:\/\/abetlaminati.com\/wp-content\/uploads\/2022\/12\/img-sito_CB_supersuperfici_1a-1024x733.jpg\" data-width=\"800\" data-height=\"573\" aria-label=\"\" role=\"img\" ><\/div>\n\t\t\t\t\t\t\t\t\t\t\t\t\t\t<\/a>\n\t\t\t\t\t<\/div>\n\t\t\t\t\t<\/div>\n\t\t\t\t<\/div>\n\t\t\t\t<div class=\"elementor-element elementor-element-3a973af8 elementor-share-buttons--view-icon elementor-share-buttons--skin-minimal elementor-share-buttons--shape-circle elementor-share-buttons--align-center elementor-share-buttons--color-custom elementor-grid-0 elementor-widget elementor-widget-share-buttons\" data-id=\"3a973af8\" data-element_type=\"widget\" data-widget_type=\"share-buttons.default\">\n\t\t\t\t<div class=\"elementor-widget-container\">\n\t\t\t\t\t\t\t<div class=\"elementor-grid\" role=\"list\">\n\t\t\t\t\t\t\t\t<div class=\"elementor-grid-item\" role=\"listitem\">\n\t\t\t\t\t\t<div class=\"elementor-share-btn elementor-share-btn_twitter\" role=\"button\" tabindex=\"0\" aria-label=\"Share on twitter\">\n\t\t\t\t\t\t\t\t\t\t\t\t\t\t\t<span class=\"elementor-share-btn__icon\">\n\t\t\t\t\t\t\t\t<i class=\"fab fa-twitter\" aria-hidden=\"true\"><\/i>\t\t\t\t\t\t\t<\/span>\n\t\t\t\t\t\t\t\t\t\t\t\t\t\t\t\t\t\t\t\t<\/div>\n\t\t\t\t\t<\/div>\n\t\t\t\t\t\t\t\t\t<div class=\"elementor-grid-item\" role=\"listitem\">\n\t\t\t\t\t\t<div class=\"elementor-share-btn elementor-share-btn_facebook\" role=\"button\" tabindex=\"0\" aria-label=\"Share on facebook\">\n\t\t\t\t\t\t\t\t\t\t\t\t\t\t\t<span class=\"elementor-share-btn__icon\">\n\t\t\t\t\t\t\t\t<i class=\"fab fa-facebook\" aria-hidden=\"true\"><\/i>\t\t\t\t\t\t\t<\/span>\n\t\t\t\t\t\t\t\t\t\t\t\t\t\t\t\t\t\t\t\t<\/div>\n\t\t\t\t\t<\/div>\n\t\t\t\t\t\t\t\t\t<div class=\"elementor-grid-item\" role=\"listitem\">\n\t\t\t\t\t\t<div class=\"elementor-share-btn elementor-share-btn_linkedin\" role=\"button\" tabindex=\"0\" aria-label=\"Share on linkedin\">\n\t\t\t\t\t\t\t\t\t\t\t\t\t\t\t<span class=\"elementor-share-btn__icon\">\n\t\t\t\t\t\t\t\t<i class=\"fab fa-linkedin\" aria-hidden=\"true\"><\/i>\t\t\t\t\t\t\t<\/span>\n\t\t\t\t\t\t\t\t\t\t\t\t\t\t\t\t\t\t\t\t<\/div>\n\t\t\t\t\t<\/div>\n\t\t\t\t\t\t\t\t\t<div class=\"elementor-grid-item\" role=\"listitem\">\n\t\t\t\t\t\t<div class=\"elementor-share-btn elementor-share-btn_pinterest\" role=\"button\" tabindex=\"0\" aria-label=\"Share on pinterest\">\n\t\t\t\t\t\t\t\t\t\t\t\t\t\t\t<span class=\"elementor-share-btn__icon\">\n\t\t\t\t\t\t\t\t<i class=\"fab fa-pinterest\" aria-hidden=\"true\"><\/i>\t\t\t\t\t\t\t<\/span>\n\t\t\t\t\t\t\t\t\t\t\t\t\t\t\t\t\t\t\t\t<\/div>\n\t\t\t\t\t<\/div>\n\t\t\t\t\t\t<\/div>\n\t\t\t\t\t\t<\/div>\n\t\t\t\t<\/div>\n\t\t\t\t<div class=\"elementor-element elementor-element-73ce417e elementor-widget elementor-widget-post-navigation\" data-id=\"73ce417e\" data-element_type=\"widget\" data-widget_type=\"post-navigation.default\">\n\t\t\t\t<div class=\"elementor-widget-container\">\n\t\t\t\t\t\t\t<div class=\"elementor-post-navigation\" role=\"navigation\" aria-label=\"Post Navigation\">\n\t\t\t<div class=\"elementor-post-navigation__prev elementor-post-navigation__link\">\n\t\t\t\t<a href=\"https:\/\/abetlaminati.com\/en\/abet-laminati-and-viva-magenta-the-colour-of-2023\/\" rel=\"prev\"><span class=\"post-navigation__arrow-wrapper post-navigation__arrow-prev\"><i aria-hidden=\"true\" class=\"fas fa-caret-left\"><\/i><span class=\"elementor-screen-only\">Prev<\/span><\/span><span class=\"elementor-post-navigation__link__prev\"><span class=\"post-navigation__prev--label\">Precedente<\/span><\/span><\/a>\t\t\t<\/div>\n\t\t\t\t\t\t<div class=\"elementor-post-navigation__next elementor-post-navigation__link\">\n\t\t\t\t<a href=\"https:\/\/abetlaminati.com\/en\/packaging-information-to-customers\/\" rel=\"next\"><span class=\"elementor-post-navigation__link__next\"><span class=\"post-navigation__next--label\">Successivo<\/span><\/span><span class=\"post-navigation__arrow-wrapper post-navigation__arrow-next\"><i aria-hidden=\"true\" class=\"fas fa-caret-right\"><\/i><span class=\"elementor-screen-only\">Next<\/span><\/span><\/a>\t\t\t<\/div>\n\t\t<\/div>\n\t\t\t\t\t\t<\/div>\n\t\t\t\t<\/div>\n\t\t\t\t\t<\/div>\n\t\t<\/div>\n\t\t\t\t\t<\/div>\n\t\t<\/section>\n\t\t\t\t<\/div>\n\t\t","protected":false},"excerpt":{"rendered":"<p>Il 2022 \u00e8 stato un anno intenso, fatto di eventi, progetti, fiere. \u00c8 iniziato con la partecipazione alla mostra dedicata a Marco Zanuso e Alessandro Mendini, due grandi protagonisti del design e dell\u2019architettura, all\u2019ADI Design Museum. Abet poi \u00e8 volata a New York per la nuova oasi di benessere di QC Terme. Un progetto in [&hellip;]<\/p>\n","protected":false},"author":1,"featured_media":10888,"comment_status":"closed","ping_status":"closed","sticky":false,"template":"","format":"standard","meta":{"_acf_changed":false,"footnotes":""},"categories":[3],"tags":[],"class_list":["post-10210","post","type-post","status-publish","format-standard","has-post-thumbnail","hentry","category-news"],"acf":[],"_links":{"self":[{"href":"https:\/\/abetlaminati.com\/en\/wp-json\/wp\/v2\/posts\/10210","targetHints":{"allow":["GET"]}}],"collection":[{"href":"https:\/\/abetlaminati.com\/en\/wp-json\/wp\/v2\/posts"}],"about":[{"href":"https:\/\/abetlaminati.com\/en\/wp-json\/wp\/v2\/types\/post"}],"author":[{"embeddable":true,"href":"https:\/\/abetlaminati.com\/en\/wp-json\/wp\/v2\/users\/1"}],"replies":[{"embeddable":true,"href":"https:\/\/abetlaminati.com\/en\/wp-json\/wp\/v2\/comments?post=10210"}],"version-history":[{"count":9,"href":"https:\/\/abetlaminati.com\/en\/wp-json\/wp\/v2\/posts\/10210\/revisions"}],"predecessor-version":[{"id":11537,"href":"https:\/\/abetlaminati.com\/en\/wp-json\/wp\/v2\/posts\/10210\/revisions\/11537"}],"wp:featuredmedia":[{"embeddable":true,"href":"https:\/\/abetlaminati.com\/en\/wp-json\/wp\/v2\/media\/10888"}],"wp:attachment":[{"href":"https:\/\/abetlaminati.com\/en\/wp-json\/wp\/v2\/media?parent=10210"}],"wp:term":[{"taxonomy":"category","embeddable":true,"href":"https:\/\/abetlaminati.com\/en\/wp-json\/wp\/v2\/categories?post=10210"},{"taxonomy":"post_tag","embeddable":true,"href":"https:\/\/abetlaminati.com\/en\/wp-json\/wp\/v2\/tags?post=10210"}],"curies":[{"name":"wp","href":"https:\/\/api.w.org\/{rel}","templated":true}]}}